{"id":261,"date":"2025-01-29T14:36:09","date_gmt":"2025-01-29T12:36:09","guid":{"rendered":"https:\/\/porvoonvihreat.fi\/?p=261"},"modified":"2025-01-29T14:41:50","modified_gmt":"2025-01-29T12:41:50","slug":"de-gronas-kandidatlista-i-borga-forstarks-nya-namn-fran-byaktivister-till-erfarna-kommunpolitiker","status":"publish","type":"post","link":"https:\/\/porvoonvihreat.fi\/index.php\/2025\/01\/29\/de-gronas-kandidatlista-i-borga-forstarks-nya-namn-fran-byaktivister-till-erfarna-kommunpolitiker\/","title":{"rendered":"De Gr\u00f6nas kandidatlista i Borg\u00e5 f\u00f6rst\u00e4rks \u2013 nya namn fr\u00e5n byaktivister till erfarna kommunpolitiker"},"content":{"rendered":"\n<p>De Gr\u00f6nas kandidatlista i Borg\u00e5 inf\u00f6r v\u00e5rens kommunalval har f\u00e5tt betydande f\u00f6rst\u00e4rkningar. Nu ing\u00e5r flera nya ansikten, bland annat byaktivister, yrkespersoner inom utbildningssektorn och politiskt erfarna akt\u00f6rer.<\/p>\n\n\n\n<figure class=\"wp-block-image size-large\"><img loading=\"lazy\" decoding=\"async\" width=\"1024\" height=\"576\" src=\"https:\/\/porvoonvihreat.fi\/wp2\/wp-content\/uploads\/2025\/01\/kv2169-1024x576.jpg\" alt=\"En grupp av Borg\u00e5 Gr\u00f6na i kandidatm\u00f6te\" class=\"wp-image-252\" srcset=\"https:\/\/porvoonvihreat.fi\/wp2\/wp-content\/uploads\/2025\/01\/kv2169-1024x576.jpg 1024w, https:\/\/porvoonvihreat.fi\/wp2\/wp-content\/uploads\/2025\/01\/kv2169-300x169.jpg 300w, https:\/\/porvoonvihreat.fi\/wp2\/wp-content\/uploads\/2025\/01\/kv2169-768x432.jpg 768w, https:\/\/porvoonvihreat.fi\/wp2\/wp-content\/uploads\/2025\/01\/kv2169-1536x864.jpg 1536w, https:\/\/porvoonvihreat.fi\/wp2\/wp-content\/uploads\/2025\/01\/kv2169.jpg 2000w\" sizes=\"auto, (max-width: 1024px) 100vw, 1024px\" \/><\/figure>\n\n\n\n<p><br>\u2013 Vi \u00e4r verkligen entusiastiska \u00f6ver hur m\u00e5nga nya kandidater som kommit med f\u00f6r att arbeta f\u00f6r Borg\u00e5 och f\u00f6r inv\u00e5narnas b\u00e4sta. F\u00f6r oss \u00e4r det viktigt att v\u00e5ra kandidater p\u00e5 ett m\u00e5ngsidigt s\u00e4tt representerar olika perspektiv p\u00e5 staden, s\u00e4ger Saara Kekki, ordf\u00f6rande f\u00f6r De Gr\u00f6na i Borg\u00e5.<\/p>\n\n\n\n<h2 class=\"wp-block-heading\"><br><strong>Byaktivister tr\u00e4der fram \u2013 f\u00f6r framtiden i de lokala byarna<\/strong><\/h2>\n\n\n\n<p><strong><br><\/strong>Bland kandidaterna finns flera byaktivister som l\u00e4nge arbetat f\u00f6r att st\u00e4rka bygemenskapernas livskraft i Borg\u00e5. Anella Ahokas fr\u00e5n Ebbo och Malina Pursiainen fr\u00e5n Illby bidrar med en djup f\u00f6rst\u00e5else f\u00f6r lokala behov och \u00e4r engagerade i att utveckla byarna s\u00e5 att de f\u00f6rblir livskraftiga och attraktiva bostadsomr\u00e5den.<\/p>\n\n\n\n<blockquote class=\"wp-block-quote is-layout-flow wp-block-quote-is-layout-flow\">\n<p><br>\u2013 Byarna \u00e4r en v\u00e4sentlig del av Borg\u00e5s identitet, och det \u00e4r fint att dessa aktiva akt\u00f6rer bidrar med sina insatser i kommunpolitiken, forts\u00e4tter ordf\u00f6randen.<\/p>\n<\/blockquote>\n\n\n\n<h2 class=\"wp-block-heading\"><br>Experter fr\u00e5n sektorn f\u00f6r fostran och utbildning<br><\/h2>\n\n\n\n<p>De Gr\u00f6nas kandidatlista i Borg\u00e5 innefattar ocks\u00e5 stark kompetens fr\u00e5n fostran- och utbildningssektorns synvinkel. Nya kandidater som anslutit sig \u00e4r Monica Lindstr\u00f6m, Piritta Simola, Pia Angeria och Mira Dianoff, vilka bidrar med en bred erfarenhet fr\u00e5n skolv\u00e4rlden. Deras expertis \u00e4r en v\u00e4rdefull tillg\u00e5ng f\u00f6r beslutsfattandet inom bildningssektorn, s\u00e4rskilt f\u00f6r m\u00e5let att s\u00e4kerst\u00e4lla en kvalitativ och j\u00e4mlik utbildning f\u00f6r alla barn och unga i Borg\u00e5.<\/p>\n\n\n\n<p>\u2013 Proffs inom fostran och utbildning har en djup f\u00f6rst\u00e5else f\u00f6r hur beslut p\u00e5verkar vardagen i skolorna, elevernas v\u00e4lm\u00e5ende och undervisningens kvalitet. Deras insikter st\u00f6djer diskussionerna om byggandet av det framtida Borg\u00e5, betonar ordf\u00f6rande Saara Kekki.<\/p>\n\n\n\n<h2 class=\"wp-block-heading\"><br>Erfarenhet och kompetens \u2013 f\u00f6rsvarare av stadsmilj\u00f6n<\/h2>\n\n\n\n<p><br>P\u00e5 kandidatlistan finns ocks\u00e5 erfarna kommunpolitiker som Mika Varpio och Sirpa Hanska. B\u00e5da har f\u00e5tt betydande st\u00f6d i tidigare val, vilket visar att stadsborna har stort f\u00f6rtroende f\u00f6r deras f\u00f6rm\u00e5ga att sk\u00f6ta gemensamma angel\u00e4genheter. De bidrar med v\u00e4rdefull kompetens och insikter f\u00f6r att utveckla kommunpolitiken. <\/p>\n\n\n\n<p>\u2013 Borg\u00e5 \u00e4r en unik stad vars rika kulturhistoria, fantastiska natur och starka gemenskap g\u00f6r den speciell. F\u00f6r mig \u00e4r det viktigt att dessa v\u00e4rden bevaras f\u00f6r kommande generationer, s\u00e4ger Mika Varpio.<\/p>\n\n\n\n<h2 class=\"wp-block-heading\"><br>Det framtida Borg\u00e5 byggs genom samarbete<\/h2>\n\n\n\n<p>Det \u00e4r gl\u00e4djande att se att De Gr\u00f6nas l\u00e5ngsiktiga arbete f\u00f6r en b\u00e4ttre stadsmilj\u00f6 har lockat redan 45 kandidater till v\u00e5r lista. Denna grupp av kandidater \u00e4r redo att arbeta f\u00f6r inv\u00e5narnas v\u00e4lm\u00e5ende och stadens h\u00e5llbara utveckling. Valteman som po\u00e4ngteras inkluderar milj\u00f6fr\u00e5gor, en kvalitativ vardag, st\u00f6d f\u00f6r kultur samt st\u00e4rkandet av livskraften i byarna och de olika stadsdelarna.<\/p>\n\n\n\n<p><br>\u2013 Vi v\u00e4lkomnar alla inv\u00e5nare att bekanta sig med v\u00e5ra kandidater och diskutera hur vi tillsammans kan bygga ett b\u00e4ttre Borg\u00e5, sammanfattar ordf\u00f6randen.<\/p>\n\n\n\n<p><br>De Gr\u00f6nas kandidatlista i Borg\u00e5 \u00e4r m\u00e5ngsidig och omfattande. F\u00f6ljande kandidater ing\u00e5r f\u00f6r tillf\u00e4llet:<\/p>\n\n\n\n<p><br><strong>Anella Ahokas, Hannu Ahola, Pia Angeria, Mats Blomberg, Paula Blomster, Mira Dianoff, Lotta Fors, Tuomas Green, Saija Haapasaari, Sirpa Hanska, Helena Hasselblatt, Janne Hassinen, Susanne Hellstr\u00f6m, Tuuli Hirvilammi, Milla Jokisaari, Saara Kekki, Sanna Kivineva, Timo Koivisto, Ninni K\u00e4hk\u00f6nen, Marjo Lahti, Tomi Lassi, Monica Lindstr\u00f6m, Mari Lotila, Robin Lybeck, Sara Malve-Ahlroth, Hanna Mustonen, Samu Nikki, Roger Nordman, Tanja Nyo, Jari Oksanen, Iina Olin, Eeva Puromies, Malina Pursiainen, Ulla Raitimo, Jussi Ranta, Ville Saarela, Teija Savolainen, Pasi Siltakorpi, Piritta Simola, Hanna Songpraguy, Mira Soukka, Pauli Tarna, Mika Varpio, Marja Wil\u00e9n och Timo \u00c5gren.<\/strong><\/p>\n\n\n\n<p><br>Till\u00e4ggsuppgifter:<strong><br><\/strong>Saara Kekki<br>Ordf\u00f6rande f\u00f6r De Gr\u00f6na i Borg\u00e5<br>044 379 3007<br><a href=\"mailto:saara.kekki@gmail.com\">saara.kekki@gmail.com<\/a><\/p>\n\n\n\n<p><br>Eeva Puromies<br>Valansvarig f\u00f6r De Gr\u00f6na i Borg\u00e5<br>040 745 1768<br><a href=\"mailto:eeva.puromies@gmail.com\">eeva.puromies@gmail.com<\/a><\/p>\n","protected":false},"excerpt":{"rendered":"<p>De Gr\u00f6nas kandidatlista i Borg\u00e5 inf\u00f6r v\u00e5rens kommunalval har f\u00e5tt betydande f\u00f6rst\u00e4rkningar. Nu ing\u00e5r flera nya ansikten, bland annat byaktivister, yrkespersoner inom utbildningssektorn och politiskt erfarna akt\u00f6rer. \u2013 Vi \u00e4r verkligen entusiastiska \u00f6ver hur m\u00e5nga nya kandidater som kommit med f\u00f6r att arbeta f\u00f6r Borg\u00e5 och f\u00f6r inv\u00e5narnas b\u00e4sta. F\u00f6r oss \u00e4r det viktigt att [&hellip;]<\/p>\n","protected":false},"author":7,"featured_media":0,"comment_status":"closed","ping_status":"open","sticky":false,"template":"","format":"standard","meta":{"footnotes":""},"categories":[38],"tags":[],"class_list":["post-261","post","type-post","status-publish","format-standard","hentry","category-kommunalval"],"_links":{"self":[{"href":"https:\/\/porvoonvihreat.fi\/index.php\/wp-json\/wp\/v2\/posts\/261","targetHints":{"allow":["GET"]}}],"collection":[{"href":"https:\/\/porvoonvihreat.fi\/index.php\/wp-json\/wp\/v2\/posts"}],"about":[{"href":"https:\/\/porvoonvihreat.fi\/index.php\/wp-json\/wp\/v2\/types\/post"}],"author":[{"embeddable":true,"href":"https:\/\/porvoonvihreat.fi\/index.php\/wp-json\/wp\/v2\/users\/7"}],"replies":[{"embeddable":true,"href":"https:\/\/porvoonvihreat.fi\/index.php\/wp-json\/wp\/v2\/comments?post=261"}],"version-history":[{"count":1,"href":"https:\/\/porvoonvihreat.fi\/index.php\/wp-json\/wp\/v2\/posts\/261\/revisions"}],"predecessor-version":[{"id":262,"href":"https:\/\/porvoonvihreat.fi\/index.php\/wp-json\/wp\/v2\/posts\/261\/revisions\/262"}],"wp:attachment":[{"href":"https:\/\/porvoonvihreat.fi\/index.php\/wp-json\/wp\/v2\/media?parent=261"}],"wp:term":[{"taxonomy":"category","embeddable":true,"href":"https:\/\/porvoonvihreat.fi\/index.php\/wp-json\/wp\/v2\/categories?post=261"},{"taxonomy":"post_tag","embeddable":true,"href":"https:\/\/porvoonvihreat.fi\/index.php\/wp-json\/wp\/v2\/tags?post=261"}],"curies":[{"name":"wp","href":"https:\/\/api.w.org\/{rel}","templated":true}]}}