{"id":250,"date":"2025-01-27T12:02:35","date_gmt":"2025-01-27T10:02:35","guid":{"rendered":"https:\/\/porvoonvihreat.fi\/?p=250"},"modified":"2025-01-27T12:21:09","modified_gmt":"2025-01-27T10:21:09","slug":"ehdokaslista-vahvistuu","status":"publish","type":"post","link":"https:\/\/porvoonvihreat.fi\/index.php\/2025\/01\/27\/ehdokaslista-vahvistuu\/","title":{"rendered":"Ehdokaslista vahvistuu"},"content":{"rendered":"\n<figure class=\"wp-block-image size-large is-resized\" style=\"margin-top:0;margin-bottom:0\"><img loading=\"lazy\" decoding=\"async\" width=\"1024\" height=\"360\" src=\"https:\/\/porvoonvihreat.fi\/wp2\/wp-content\/uploads\/2025\/01\/Vihreat_Logo_HOR_RGB_FIN_SWE-1024x360.png\" alt=\"\" class=\"wp-image-251\" style=\"width:150px\" srcset=\"https:\/\/porvoonvihreat.fi\/wp2\/wp-content\/uploads\/2025\/01\/Vihreat_Logo_HOR_RGB_FIN_SWE-1024x360.png 1024w, https:\/\/porvoonvihreat.fi\/wp2\/wp-content\/uploads\/2025\/01\/Vihreat_Logo_HOR_RGB_FIN_SWE-300x106.png 300w, https:\/\/porvoonvihreat.fi\/wp2\/wp-content\/uploads\/2025\/01\/Vihreat_Logo_HOR_RGB_FIN_SWE-768x270.png 768w, https:\/\/porvoonvihreat.fi\/wp2\/wp-content\/uploads\/2025\/01\/Vihreat_Logo_HOR_RGB_FIN_SWE.png 1162w\" sizes=\"auto, (max-width: 1024px) 100vw, 1024px\" \/><\/figure>\n\n\n\n<h2 class=\"wp-block-heading\"><strong>Porvoon Vihreiden ehdokaslista vahvistuu \u2013 uusia nimi\u00e4 kyl\u00e4aktiiveista kokeneisiin kuntavaikuttajiin<\/strong><\/h2>\n\n\n\n<p>Porvoon Vihreiden ehdokaslista kev\u00e4\u00e4n kuntavaaleihin on saanut merkitt\u00e4v\u00e4\u00e4 vahvistusta. Mukana on nyt useita uusia kasvoja, joiden joukossa on kyl\u00e4aktiiveja, kasvatusalan ammattilaisia ja poliittisesti kokeneita vaikuttajia.<\/p>\n\n\n\n<figure class=\"wp-block-image size-large\"><img loading=\"lazy\" decoding=\"async\" width=\"1024\" height=\"576\" src=\"https:\/\/porvoonvihreat.fi\/wp2\/wp-content\/uploads\/2025\/01\/kv2169-1024x576.jpg\" alt=\"\" class=\"wp-image-252\" srcset=\"https:\/\/porvoonvihreat.fi\/wp2\/wp-content\/uploads\/2025\/01\/kv2169-1024x576.jpg 1024w, https:\/\/porvoonvihreat.fi\/wp2\/wp-content\/uploads\/2025\/01\/kv2169-300x169.jpg 300w, https:\/\/porvoonvihreat.fi\/wp2\/wp-content\/uploads\/2025\/01\/kv2169-768x432.jpg 768w, https:\/\/porvoonvihreat.fi\/wp2\/wp-content\/uploads\/2025\/01\/kv2169-1536x864.jpg 1536w, https:\/\/porvoonvihreat.fi\/wp2\/wp-content\/uploads\/2025\/01\/kv2169.jpg 2000w\" sizes=\"auto, (max-width: 1024px) 100vw, 1024px\" \/><figcaption class=\"wp-element-caption\"><em>Porvoon Vihreiden ehdokasp\u00e4iville osallistui nelisenkymment\u00e4 kunta-\/aluevaaliehdokasta.<\/em><\/figcaption><\/figure>\n\n\n\n<p>\u2013 Olemme todella innoissamme siit\u00e4, millainen joukko uusia ehdokkaita on l\u00e4htenyt mukaan ajamaan Porvoon ja sen asukkaiden etuja. Meille t\u00e4rke\u00e4\u00e4 on, ett\u00e4 ehdokkaamme edustavat monipuolisesti Porvoon erilaisia n\u00e4k\u00f6kulmia, sanoo Porvoon Vihreiden puheenjohtaja <strong>Saara Kekki<\/strong>.<\/p>\n\n\n\n<h3 class=\"wp-block-heading\"><br>Kyl\u00e4aktiivit esiin \u2013 paikallisten kylien tulevaisuuden puolesta<\/h3>\n\n\n\n<p>Ehdokkaiden joukossa on useita kyl\u00e4aktiiveja, jotka ovat tehneet pitk\u00e4\u00e4n ty\u00f6t\u00e4 Porvoon kyl\u00e4yhteis\u00f6jen elinvoimaisuuden eteen. <strong>Anella Ahokas<\/strong> Epoosta ja <strong>Malina Pursiainen<\/strong> Ilolasta tuovat mukanaan vahvan ymm\u00e4rryksen paikallisista tarpeista ja ovat sitoutuneita kehitt\u00e4m\u00e4\u00e4n kyli\u00e4 niin, ett\u00e4 ne pysyv\u00e4t elinvoimaisina ja houkuttelevina asuinalueina.<\/p>\n\n\n\n<p>\u2013 Kyl\u00e4t ovat olennainen osa Porvoon identiteetti\u00e4, ja on hienoa, ett\u00e4 n\u00e4m\u00e4 aktiiviset toimijat tuovat oman panoksensa kuntapolitiikkaan, puheenjohtaja jatkaa.<\/p>\n\n\n\n<h3 class=\"wp-block-heading\"><br>Kasvatus- ja opetusalan asiantuntijoita mukana<\/h3>\n\n\n\n<p>Porvoon Vihreiden ehdokaslistalla on vahvaa osaamista my\u00f6s kasvatus- ja opetusalan n\u00e4k\u00f6kulmasta. Uusina ehdokkaina mukaan ovat liittyneet <strong>Monica Lindstr\u00f6m<\/strong>, <strong>Piritta Simola, Pia Angeria<\/strong> ja <strong>Mira Dianoff<\/strong>, jotka tuovat mukanaan laajan kokemuksensa koulumaailmasta. Heid\u00e4n asiantuntemuksensa on arvokas voimavara sivistyspuolen p\u00e4\u00e4t\u00f6ksenteossa, erityisesti kun tavoitteena on varmistaa laadukas ja yhdenvertainen koulutus kaikille Porvoon lapsille ja nuorille.<\/p>\n\n\n\n<p>\u2013 Kasvatus- ja opetusalan ammattilaiset ymm\u00e4rt\u00e4v\u00e4t syv\u00e4llisesti, miten p\u00e4\u00e4t\u00f6kset vaikuttavat arjen sujuvuuteen kouluissa, oppilaiden hyvinvointiin ja opetuksen laatuun. Heid\u00e4n n\u00e4kemyksens\u00e4 tukevat keskusteluja, joissa rakennetaan tulevaisuuden Porvoota, puheenjohtaja Saara Kekki painottaa.<\/p>\n\n\n\n<h3 class=\"wp-block-heading\"><br>Kokemusta ja osaamista \u2013 kaupunkiymp\u00e4rist\u00f6n puolustajat<\/h3>\n\n\n\n<p>Ehdokaslistalla on my\u00f6s kokeneita kunnallispoliitikkoja, kuten <strong>Mika Varpio<\/strong> ja <strong>Sirpa Hanska<\/strong>. Molemmat ovat aiemmissa vaaleissa saaneet merkitt\u00e4v\u00e4\u00e4 kannatusta, mik\u00e4 osoittaa kaupunkilaisten vahvan luottamuksen heid\u00e4n kykyyns\u00e4 hoitaa yhteisi\u00e4 asioita. He tuovat mukanaan arvokasta osaamista ja n\u00e4kemyksi\u00e4 kunnallispolitiikan kehitt\u00e4miseen.<\/p>\n\n\n\n<p>\u2013 Porvoo on ainutlaatuinen kaupunki, jonka rikas kulttuurihistoria, upea luonto ja vahva yhteis\u00f6llisyys tekev\u00e4t siit\u00e4 erityisen. Minulle on t\u00e4rke\u00e4\u00e4, ett\u00e4 n\u00e4m\u00e4 arvot s\u00e4ilyv\u00e4t my\u00f6s tuleville sukupolville, kertoo Mika Varpio.<\/p>\n\n\n\n<h3 class=\"wp-block-heading\"><br>Tulevaisuuden Porvoo rakentuu yhteisty\u00f6ll\u00e4<\/h3>\n\n\n\n<p>On hienoa huomata, ett\u00e4 Porvoon Vihreiden pitk\u00e4j\u00e4nteinen ty\u00f6 paremman kaupunkiymp\u00e4rist\u00f6n puolesta on houkutellut listoillemme jo 45 ehdokasta. T\u00e4m\u00e4 ehdokasjoukko on valmiina tekem\u00e4\u00e4n ty\u00f6t\u00e4 asukkaiden hyvinvoinnin ja kaupungin kest\u00e4v\u00e4n kehityksen puolesta. Kuntavaalien teemoina korostuvat ymp\u00e4rist\u00f6asiat, laadukas arki, kulttuurin tukeminen sek\u00e4 kylien ja eri kaupunginosien elinvoimaisuuden vahvistaminen.<\/p>\n\n\n\n<p>\u2013 Toivotamme kaikki asukkaat tervetulleiksi tutustumaan ehdokkaisiimme ja keskustelemaan siit\u00e4, miten voimme yhdess\u00e4 rakentaa paremman Porvoon, puheenjohtaja summaa.<\/p>\n\n\n\n<p>Porvoon Vihreiden ehdokaslista on monipuolinen ja kattava. T\u00e4ll\u00e4 hetkell\u00e4 mukana olevat ehdokkaat ovat:<br><br><strong>Anella Ahokas, Hannu Ahola, Pia Angeria, Mats Blomberg, Paula Blomster, Mira Dianoff, Lotta Fors, Tuomas Green, Saija Haapasaari, Sirpa Hanska, Helena Hasselblatt, Janne Hassinen, Susanne Hellstr\u00f6m, Tuuli Hirvilammi, Milla Jokisaari, Saara Kekki, Sanna Kivineva, Timo Koivisto, Ninni K\u00e4hk\u00f6nen, Marjo Lahti, Tomi Lassi, Monica Lindstr\u00f6m, Mari Lotila, Robin Lybeck, Sara Malve-Ahlroth, Hanna Mustonen, Samu Nikki, Roger Nordman, Tanja Nyo, Jari Oksanen, Iina Olin, Eeva Puromies, Malina Pursiainen, Ulla Raitimo, Jussi Ranta, Ville Saarela, Teija Savolainen, Pasi Siltakorpi, Piritta Simola, Hanna Songpraguy, Mira Soukka, Pauli Tarna, Mika Varpio, Marja Wil\u00e9n <\/strong>ja<strong> Timo \u00c5gren<\/strong>.<\/p>\n\n\n\n<p>Lis\u00e4tietoja:&nbsp;&nbsp;&nbsp;&nbsp;&nbsp;&nbsp;&nbsp;&nbsp;&nbsp;&nbsp;&nbsp;&nbsp;&nbsp;&nbsp;&nbsp;&nbsp;&nbsp;&nbsp;&nbsp;&nbsp;&nbsp;&nbsp;&nbsp;&nbsp;&nbsp;<\/p>\n\n\n\n<p>Saara Kekki<br>Porvoon Vihreiden puheenjohtaja<br>044 379 3007<br><a href=\"mailto:saara.kekki@gmail.com\">saara.kekki@gmail.com<\/a><\/p>\n\n\n\n<p>Eeva Puromies<br>Porvoon Vihreiden vaalivastaava<br>040 745 1768<br><a href=\"mailto:eeva-puromies@gmail.com\">eeva-puromies@gmail.com<\/a><\/p>\n","protected":false},"excerpt":{"rendered":"<p>Porvoon Vihreiden ehdokaslista vahvistuu \u2013 uusia nimi\u00e4 kyl\u00e4aktiiveista kokeneisiin kuntavaikuttajiin Porvoon Vihreiden ehdokaslista kev\u00e4\u00e4n kuntavaaleihin on saanut merkitt\u00e4v\u00e4\u00e4 vahvistusta. Mukana on nyt useita uusia kasvoja, joiden joukossa on kyl\u00e4aktiiveja, kasvatusalan ammattilaisia ja poliittisesti kokeneita vaikuttajia. \u2013 Olemme todella innoissamme siit\u00e4, millainen joukko uusia ehdokkaita on l\u00e4htenyt mukaan ajamaan Porvoon ja sen asukkaiden etuja. Meille t\u00e4rke\u00e4\u00e4 [&hellip;]<\/p>\n","protected":false},"author":6,"featured_media":252,"comment_status":"closed","ping_status":"open","sticky":false,"template":"","format":"standard","meta":{"footnotes":""},"categories":[35],"tags":[],"class_list":["post-250","post","type-post","status-publish","format-standard","has-post-thumbnail","hentry","category-kuntavaalit"],"_links":{"self":[{"href":"https:\/\/porvoonvihreat.fi\/index.php\/wp-json\/wp\/v2\/posts\/250","targetHints":{"allow":["GET"]}}],"collection":[{"href":"https:\/\/porvoonvihreat.fi\/index.php\/wp-json\/wp\/v2\/posts"}],"about":[{"href":"https:\/\/porvoonvihreat.fi\/index.php\/wp-json\/wp\/v2\/types\/post"}],"author":[{"embeddable":true,"href":"https:\/\/porvoonvihreat.fi\/index.php\/wp-json\/wp\/v2\/users\/6"}],"replies":[{"embeddable":true,"href":"https:\/\/porvoonvihreat.fi\/index.php\/wp-json\/wp\/v2\/comments?post=250"}],"version-history":[{"count":5,"href":"https:\/\/porvoonvihreat.fi\/index.php\/wp-json\/wp\/v2\/posts\/250\/revisions"}],"predecessor-version":[{"id":257,"href":"https:\/\/porvoonvihreat.fi\/index.php\/wp-json\/wp\/v2\/posts\/250\/revisions\/257"}],"wp:featuredmedia":[{"embeddable":true,"href":"https:\/\/porvoonvihreat.fi\/index.php\/wp-json\/wp\/v2\/media\/252"}],"wp:attachment":[{"href":"https:\/\/porvoonvihreat.fi\/index.php\/wp-json\/wp\/v2\/media?parent=250"}],"wp:term":[{"taxonomy":"category","embeddable":true,"href":"https:\/\/porvoonvihreat.fi\/index.php\/wp-json\/wp\/v2\/categories?post=250"},{"taxonomy":"post_tag","embeddable":true,"href":"https:\/\/porvoonvihreat.fi\/index.php\/wp-json\/wp\/v2\/tags?post=250"}],"curies":[{"name":"wp","href":"https:\/\/api.w.org\/{rel}","templated":true}]}}